{"id":1263,"date":"2022-09-10T15:41:08","date_gmt":"2022-09-10T12:41:08","guid":{"rendered":"http:\/\/data.accelerator.uz\/?p=1263"},"modified":"2023-03-01T08:54:22","modified_gmt":"2023-03-01T05:54:22","slug":"new-initiatives-benefits-and-opportunities-for-entrepreneurs-of-karakalpakstan","status":"publish","type":"post","link":"http:\/\/data.accelerator.uz\/kk\/news\/new-initiatives-benefits-and-opportunities-for-entrepreneurs-of-karakalpakstan\/","title":{"rendered":"Qaraqalpaqstan isbilermenleri ush\u0131n ja\u0144a baslamalar, je\u0144illikler h\u00e1m m\u00famkinshilikler"},"content":{"rendered":"<p>Prezident Shavkat Mirziyoyev 26-avgust k\u00fani Qaraqalpaqstan Respublikas\u0131 Joqar\u01f5i Ke\u0144esini\u0144 n\u00e1wbetten t\u0131sqar\u0131 34-sessiyas\u0131nda qatnast\u0131.<\/p>\n<p><img loading=\"lazy\" class=\"aligncenter size-large wp-image-1264\" src=\"http:\/\/data.accelerator.uz\/wp-content\/uploads\/photo_2022-09-12_17-39-57-1024x683.jpg\" alt=\"\" width=\"1024\" height=\"683\" srcset=\"http:\/\/data.accelerator.uz\/wp-content\/uploads\/photo_2022-09-12_17-39-57-1024x683.jpg 1024w, http:\/\/data.accelerator.uz\/wp-content\/uploads\/photo_2022-09-12_17-39-57-300x200.jpg 300w, http:\/\/data.accelerator.uz\/wp-content\/uploads\/photo_2022-09-12_17-39-57-768x512.jpg 768w, http:\/\/data.accelerator.uz\/wp-content\/uploads\/photo_2022-09-12_17-39-57.jpg 1280w\" sizes=\"(max-width: 1024px) 100vw, 1024px\" \/><\/p>\n<p>Prezidentimiz so\u0144\u01f5\u0131 6 j\u0131lda region rawajlan\u0131w\u0131na ayr\u0131qsha itibar qaratt\u0131: Qaraqalpaqstand\u0131 rawajland\u0131r\u0131w boy\u0131nsha 31 p\u00e1rman h\u00e1m qararlar qab\u0131lland\u0131, isbilermenlik subiektleri san\u0131 2 esege k\u00f3beytildi, 4-5 m\u0131\u0144\u01f5a jaq\u0131n investiciya joybar\u0131 iske t\u00fasirildi, Qaraqalpaqstand\u0131 ishimlik suw\u0131 menen t\u00e1miyinlew 40 procentten 68 procentke k\u00f3beytildi, mektepke shekemgi bilimlendiriw mekemelerine qamt\u0131p al\u0131w d\u00e1rejesi 32 procentten 76 procentke, xal\u0131q jan bas\u0131na tuwr\u0131 keletu\u01f5\u0131n d\u00e1ramatlar eki esege \u00f3sti.<\/p>\n<p>J\u0131ynal\u0131sta Prezident Qaraqalpaqstanda <a href=\"https:\/\/t.me\/Press_Secretary_Uz\/2292\">qos\u0131msha imtiyaz h\u00e1m je\u0144illikler<\/a> beriw boy\u0131nsha tiyisli ministrlik h\u00e1m ke\u0144seler bassh\u0131lar\u0131na taps\u0131rmalar berdi.<\/p>\n<p>Qarar joybar\u0131n tayarlaw taps\u0131r\u0131ld\u0131, o\u01f5an k\u00f3re regionda t\u00f3mendegiler q\u0131sqart\u0131lad\u0131:<br \/>\n\u2014 d\u00e1ramat sal\u0131\u01f5\u0131 stavkas\u0131 \u2014 15 procentten 7,5 procentke;<br \/>\n\u2014 aylanba sal\u0131q stavkas\u0131 \u2014N\u00f3kis qalas\u0131nda 4 procentten 2 procentke, rayonlarda 2 procentten 1 procentke h\u00e1m shetki aymaqlarda 1 procentten 0,5 procentke;<br \/>\n\u2014 m\u00falk h\u00e1m jer sal\u0131\u01f5\u0131 stavkalar\u0131 \u20142 esege.<br \/>\nB\u0131y\u0131l\u01f5\u0131 j\u0131lda sha\u0144araql\u0131q isbilermenlik d\u00e1st\u00farlerine rejelestirilgen 650 milliard sum\u01f5a qos\u0131msha r\u00e1wishte 200 milliard sum j\u00f3neltiriledi. Bunnan t\u0131sqar\u0131, 2025-j\u0131l\u01f5a shekem Qaraqalpaqstanda qos\u0131l\u01f5an qun sal\u0131\u01f5\u0131 (QQS) rejeden art\u0131qsha j\u0131ynal\u01f5an barl\u0131q qarj\u0131lar <a href=\"https:\/\/t.me\/Press_Secretary_Uz\/2296\">respublika byudjetinde qalad\u0131.<\/a><\/p>\n<p><a href=\"https:\/\/t.me\/Press_Secretary_Uz\/2293\">Aw\u0131l-xojal\u0131\u01f5\u0131nda\u01f5\u0131 mashqalalardi sheshiw rejeleri:<\/a><br \/>\n\u2014 j\u0131l aq\u0131r\u0131na shekem 6 m\u0131\u0144 620 gektar, kelesi j\u0131lda bolsa 6 m\u0131\u0144 gektar paxta h\u00e1m \u01f5\u00e1lle maydanlar\u0131n q\u0131sqart\u0131p, xal\u0131qqa ij\u00e1ra\u01f5a beriwdi jol\u01f5a qoy\u0131w;<br \/>\n\u2014 egin egiw ush\u0131n fermerlerge 200 milliard sum, diyxanlar\u01f5a 50 milliard sum qarj\u0131 aj\u0131rat\u0131w;<br \/>\n\u2014suw t\u00e1miynat\u0131n jaqs\u0131law maqsetinde h\u00e1r bir qud\u0131qt\u0131 bur\u01f5\u0131law h\u00e1m isletiw ush\u0131n 15 million sum\u01f5a shekem subsidiya aj\u0131rat\u0131w h\u00e1m basqa finansl\u0131q k\u00f3mek beriw boy\u0131nsha taps\u0131rmalar berildi.<\/p>\n<p>Prezident Shavkat Mirziyoyev Qaraqalpaqstanda sanaat joybarlar\u0131n k\u00f3beytiw boy\u0131nsha kishi bassh\u0131lar\u01f5a t\u00f3mendegi <a href=\"https:\/\/t.me\/Press_Secretary_Uz\/2294\">taps\u0131rmalard\u0131<\/a> berdi:<br \/>\n\u2014 Qaraqalpaqstanl\u0131 isbilermenlerge joybar h\u00fajjetlerin islep sh\u0131\u01f5\u0131w, subsidiyalar, kreditler h\u00e1m kompensaciyalar al\u0131w boy\u0131nsha biypul x\u0131zmetler k\u00f3rsetiw, olard\u0131\u0144 \u00f3nimleri \u00f3z bazar\u0131n tab\u0131wda k\u00f3meklesiw maqsetinde investorlard\u0131 qollap-quwatlaw oray\u0131n sh\u00f3lkemlestiriw;<br \/>\n\u2014 Investorlard\u0131 qollap-quwatlaw oray\u0131 jan\u0131nda N\u00f3kis qalas\u0131nda 10 gektar jer maydan\u0131nda sanaat -texnologiyal\u0131q park sh\u00f3lkemlestiriw;<br \/>\n\u2014 Kegeyli h\u00e1m Xojeli rayonlar\u0131nda jaslar sanaat h\u00e1m isbilermenlik zonalar\u0131n sh\u00f3lkemlestiriw;<br \/>\n&#8211; bes j\u0131l m\u00faddetke (2027-j\u0131l\u01f5a shekem) Qaraqalpaqstanl\u0131 isbilermenler ald\u0131na eksport \u00f3nimlerin islep sh\u0131\u01f5ar\u0131w h\u00e1m m\u00e1mleketimiz ayma\u01f5\u0131 boylap tas\u0131w ush\u0131n sat\u0131p al\u0131n\u01f5an shiyki zatt\u0131\u0144 transport q\u00e1rejetlerini\u0144 70 pay\u0131z\u0131n qaplaw sistemas\u0131n jol\u01f5a qoy\u0131w waz\u0131ypas\u0131 qoy\u0131ld\u0131.<\/p>\n<p>M\u00e1mleketimiz bassh\u0131s\u0131 Qara\u00f3zekte m\u0131s islep sh\u0131\u01f5ar\u0131w, Qo\u0144\u0131ratta kaustik soda h\u00e1m basqa ximiyal\u0131q elementler islep sh\u0131\u01f5aratu\u01f5\u0131n ja\u0144a k\u00e1rxanalar qur\u0131w s\u0131yaql\u0131 iri joybarlard\u0131 qollap-quwatlad\u0131 &#8211; dedi Prezident baspas\u00f3z xatkeri Sherzod Asadov.<\/p>\n<p>Derek: <a href=\"https:\/\/t.me\/Press_Secretary_Uz\">\u00d3zbekstan Respublikas\u0131 Prezidenti Baspas\u00f3z xatkerini\u0144 r\u00e1smiy kanal\u0131<\/a><\/p>","protected":false},"excerpt":{"rendered":"<p>Prezident Shavkat Mirziyoyev 26-avgust k\u00fani Qaraqalpaqstan Respublikas\u0131 Joqar\u01f5i Ke\u0144esini\u0144 n\u00e1wbetten t\u0131sqar\u0131 34-sessiyas\u0131nda qatnast\u0131. Prezidentimiz so\u0144\u01f5\u0131 6 j\u0131lda region rawajlan\u0131w\u0131na ayr\u0131qsha itibar qaratt\u0131: Qaraqalpaqstand\u0131 rawajland\u0131r\u0131w boy\u0131nsha 31 p\u00e1rman h\u00e1m qararlar qab\u0131lland\u0131, isbilermenlik subiektleri san\u0131 2 esege k\u00f3beytildi, 4-5 m\u0131\u0144\u01f5a jaq\u0131n investiciya&#8230;<\/p>\n","protected":false},"author":1,"featured_media":1264,"comment_status":"open","ping_status":"open","sticky":false,"template":"","format":"standard","meta":[],"categories":[9],"tags":[],"_links":{"self":[{"href":"http:\/\/data.accelerator.uz\/kk\/wp-json\/wp\/v2\/posts\/1263"}],"collection":[{"href":"http:\/\/data.accelerator.uz\/kk\/wp-json\/wp\/v2\/posts"}],"about":[{"href":"http:\/\/data.accelerator.uz\/kk\/wp-json\/wp\/v2\/types\/post"}],"author":[{"embeddable":true,"href":"http:\/\/data.accelerator.uz\/kk\/wp-json\/wp\/v2\/users\/1"}],"replies":[{"embeddable":true,"href":"http:\/\/data.accelerator.uz\/kk\/wp-json\/wp\/v2\/comments?post=1263"}],"version-history":[{"count":9,"href":"http:\/\/data.accelerator.uz\/kk\/wp-json\/wp\/v2\/posts\/1263\/revisions"}],"predecessor-version":[{"id":1503,"href":"http:\/\/data.accelerator.uz\/kk\/wp-json\/wp\/v2\/posts\/1263\/revisions\/1503"}],"wp:featuredmedia":[{"embeddable":true,"href":"http:\/\/data.accelerator.uz\/kk\/wp-json\/wp\/v2\/media\/1264"}],"wp:attachment":[{"href":"http:\/\/data.accelerator.uz\/kk\/wp-json\/wp\/v2\/media?parent=1263"}],"wp:term":[{"taxonomy":"category","embeddable":true,"href":"http:\/\/data.accelerator.uz\/kk\/wp-json\/wp\/v2\/categories?post=1263"},{"taxonomy":"post_tag","embeddable":true,"href":"http:\/\/data.accelerator.uz\/kk\/wp-json\/wp\/v2\/tags?post=1263"}],"curies":[{"name":"wp","href":"https:\/\/api.w.org\/{rel}","templated":true}]}}