{"id":1271,"date":"2022-09-13T19:22:07","date_gmt":"2022-09-13T16:22:07","guid":{"rendered":"http:\/\/data.accelerator.uz\/?p=1271"},"modified":"2023-03-06T09:09:43","modified_gmt":"2023-03-06T06:09:43","slug":"regional-youth-conference-on-climate-change-in-central-asia","status":"publish","type":"post","link":"http:\/\/data.accelerator.uz\/kk\/news\/regional-youth-conference-on-climate-change-in-central-asia\/","title":{"rendered":"Orta Aziyada\u01f5\u0131 klimat \u00f3zgeriwi boy\u0131nsha aymaql\u0131q jaslar konferenciyas\u0131"},"content":{"rendered":"<p>Jaslar keleshek ush\u0131n: Orta Aziyada\u01f5\u0131 klimat \u00f3zgeriwi boy\u0131nsha aymaql\u0131q jaslar konferenciyas\u0131<\/p>\n<p>24-27-oktyabr 2022 j., Bishkek qalas\u0131, Q\u0131r\u01f5\u0131z\u0131stan<\/p>\n<p>Qazaqstan, Q\u0131r\u01f5\u0131z\u0131stan, Tajikistan, Turkmenistan, \u00d3zbekstan studentleri h\u00e1m jas q\u00e1nigeleri Orayl\u0131q Aziyada\u01f5\u0131 klimat \u00f3zgeriwi boy\u0131nsha aymaql\u0131q jaslar konferensiyas\u0131nda qatnas\u0131w ush\u0131n arza taps\u0131r\u0131w\u01f5a mir\u00e1t etiledi.<\/p>\n<p>Konferensiya ald\u0131nnan saylan\u01f5an qatnas\u0131wsh\u0131lar 2022-j\u0131l 1-oktyabrdan 7-oktyabr\u01f5 shekem bol\u0131p \u00f3tetu\u01f5\u0131n onlayn treninglarda oq\u0131t\u0131lad\u0131.<\/p>\n<p>Tol\u0131q ma\u01f5l\u0131wmat: <a href=\"https:\/\/drive.google.com\/file\/d\/1o5Z6dXKPaBnol_oO8Te45edqCqjMe-x9\/view\">https:\/\/drive.google.com\/file\/d\/1o5Z6dXKPaBnol_oO8Te45edqCqjMe-x9\/view<\/a><\/p>","protected":false},"excerpt":{"rendered":"<p>Qazaqstan, Q\u0131r\u01f5\u0131z\u0131stan, Tajikistan, Turkmenistan, \u00d3zbekstan studentleri h\u00e1m jas q\u00e1nigeleri Orayl\u0131q Aziyada\u01f5\u0131 klimat \u00f3zgeriwi boy\u0131nsha aymaql\u0131q jaslar konferensiyas\u0131nda qatnas\u0131w ush\u0131n arza taps\u0131r\u0131w\u01f5a mir\u00e1t etiledi.<\/p>\n","protected":false},"author":1,"featured_media":1272,"comment_status":"open","ping_status":"open","sticky":false,"template":"","format":"standard","meta":[],"categories":[9],"tags":[],"_links":{"self":[{"href":"http:\/\/data.accelerator.uz\/kk\/wp-json\/wp\/v2\/posts\/1271"}],"collection":[{"href":"http:\/\/data.accelerator.uz\/kk\/wp-json\/wp\/v2\/posts"}],"about":[{"href":"http:\/\/data.accelerator.uz\/kk\/wp-json\/wp\/v2\/types\/post"}],"author":[{"embeddable":true,"href":"http:\/\/data.accelerator.uz\/kk\/wp-json\/wp\/v2\/users\/1"}],"replies":[{"embeddable":true,"href":"http:\/\/data.accelerator.uz\/kk\/wp-json\/wp\/v2\/comments?post=1271"}],"version-history":[{"count":5,"href":"http:\/\/data.accelerator.uz\/kk\/wp-json\/wp\/v2\/posts\/1271\/revisions"}],"predecessor-version":[{"id":1651,"href":"http:\/\/data.accelerator.uz\/kk\/wp-json\/wp\/v2\/posts\/1271\/revisions\/1651"}],"wp:featuredmedia":[{"embeddable":true,"href":"http:\/\/data.accelerator.uz\/kk\/wp-json\/wp\/v2\/media\/1272"}],"wp:attachment":[{"href":"http:\/\/data.accelerator.uz\/kk\/wp-json\/wp\/v2\/media?parent=1271"}],"wp:term":[{"taxonomy":"category","embeddable":true,"href":"http:\/\/data.accelerator.uz\/kk\/wp-json\/wp\/v2\/categories?post=1271"},{"taxonomy":"post_tag","embeddable":true,"href":"http:\/\/data.accelerator.uz\/kk\/wp-json\/wp\/v2\/tags?post=1271"}],"curies":[{"name":"wp","href":"https:\/\/api.w.org\/{rel}","templated":true}]}}