{"id":1353,"date":"2022-11-22T10:51:17","date_gmt":"2022-11-22T07:51:17","guid":{"rendered":"http:\/\/data.accelerator.uz\/?p=1353"},"modified":"2023-02-27T07:54:28","modified_gmt":"2023-02-27T04:54:28","slug":"v-uzbekistane-zavershilas-nedelya-zhenskogo-predprinimatelstva-kotoraya-prohodila-s-14-po-18-noyabrya","status":"publish","type":"post","link":"http:\/\/data.accelerator.uz\/kk\/news\/v-uzbekistane-zavershilas-nedelya-zhenskogo-predprinimatelstva-kotoraya-prohodila-s-14-po-18-noyabrya\/","title":{"rendered":"\u00d3zbekstanda 14-18 noyabr k\u00fanleri \u00f3tkerilgen hayal-q\u0131zlar isbilermenligi h\u00e1pteligi juwmaqland\u0131."},"content":{"rendered":"<p>\u00d3zbekstanda 14-18 noyabr k\u00fanleri \u00f3tkerilgen hayal-q\u0131zlar isbilermenligi h\u00e1pteligi juwmaqland\u0131.<\/p>\n<p>On\u0131\u0144 she\u0144berinde N\u00f3kis qalas\u0131nda Qaraqalpaq etnografik aw\u0131l xojal\u0131\u01f5\u0131n\u0131\u0144 ash\u0131l\u0131w\u0131 bol\u0131p \u00f3tti. Ash\u0131l\u0131w m\u00e1resiminde qatnasqan miymanlar ja\u0144a turizm j\u00f3nelisi \u2013 Ashsh\u0131 k\u00f3l k\u00f3li jan\u0131nda jaylasqan agrar etnoaw\u0131l menen tan\u0131s\u0131w imkanina iye bold\u0131, on\u0131n boy\u0131nda \u00f3zine mas \u00f3nermentshilik oray\u0131n sh\u00f3lkemlestiriwshi 15 otaw sh\u00f3lkemlestirildi. Joybar \u201cNitsa Nukus\u201d kompaniyas\u0131 basl\u0131\u01f5\u0131 Amina Bekjanova baslamas\u0131 menen \u00e1melge as\u0131r\u0131ld\u0131.<\/p>\n<p>Ol USAID penen birgelikte ADA agrobiznesin rawajland\u0131r\u0131w ideyas\u0131n \u00e1melge as\u0131r\u0131w\u01f5a eristi. Oray ishinde ustaxanalar sh\u00f3lkemlestirildi \u00d3zbekstan Respublikas\u0131 Turizm h\u00e1m m\u00e1deniy miyras ministrligini\u0144 Qaraqalpaqstan Respublikas\u0131 aymaql\u0131q basqarmas\u0131 h\u00e1mde \u201cIsbilermen \u00e1yel\u201d \u00d3zbekstan isbilermen \u00e1yeller birlespesi Qaraqalpaqstan Respublikas\u0131 b\u00f3limi menen jaq\u0131n sheriklikte \u00e1melge as\u0131r\u0131ld\u0131.<\/p>\n<p>Ja\u0144a j\u00f3nelis miymanlar h\u00e1m turistlerge Respublikan\u0131\u0144 \u00f3zine t\u00e1n m\u00e1deniyat\u0131, \u00f3nermentshilikti\u0144 takrarlanbas d\u00f3retiwshisi menen jaq\u0131nnan tan\u0131s\u0131w imkanin beredi.<\/p>\n<p>Etno aw\u0131ld\u0131 ash\u0131wdan maqsetler Qaraqalpaqstan Respublikas\u0131na turistlerdi qamt\u0131p al\u0131w, turizm taraw\u0131n \u00fagit n\u00e1siyatlaw h\u00e1m joqar\u0131 s\u0131patl\u0131 turizm x\u0131zmetlerin rawajland\u0131r\u0131w: turaq jay, awqatlan\u0131w, kewilk\u00f3teriw, m\u00e1deniy dem al\u0131w t\u00e1dbirleri ush\u0131n infrasisteman\u0131 jarat\u0131w, \u00f3nermentshilikti rawajland\u0131r\u0131w h\u00e1m ja\u0144a turizmdi jarat\u0131wdan ibarat. \u00d3nimler (agroturizm, ekologik turizm, ekstremal turizm, etnoturizm, safari h\u00e1m basqalar).<\/p>\n<p>Etno aw\u0131ld\u0131\u0144 ash\u0131l\u0131w\u0131 she\u0144berinde Qaraqalpaqstan \u00f3nermentlerini\u0144 sh\u0131\u01f5armalar\u0131 k\u00f3rgizbesi, qarqalpaq milliy kesteshilik k\u00farek, \u201cBas oraw\u201d \u201cTaq\u0131ya\u201d milliy bas kiyimi, milliy quw\u0131rshaqlar tayyarlaw boy\u0131nsha sheberlik sabaqlar\u0131, estelik saw\u01f5alar\u0131, sonday-aq milliy kiyimler, Qaraqalpaqstan \u00f3nermentleri h\u00e1m dizaynerlerini\u0144 milliy kiyimleri defilesi, d\u00e1st\u00fariy qarqalpaq muzikas\u0131, qos\u0131q h\u00e1m ayaq oy\u0131nlar\u0131nan ibarat konsert d\u00e1st\u00fari in\u00e1m etildi.<\/p>\n<p>Derek: <a href=\"https:\/\/uz24.uz\/ru\/articles\/etnoaul\">https:\/\/uz24.uz\/ru\/articles\/etnoaul<\/a><\/p>","protected":false},"excerpt":{"rendered":"<p>On\u0131\u0144 she\u0144berinde N\u00f3kis qalas\u0131nda Qaraqalpaq etnografik aw\u0131l xojal\u0131\u01f5\u0131n\u0131\u0144 ash\u0131l\u0131w\u0131 bol\u0131p \u00f3tti. Ash\u0131l\u0131w m\u00e1resiminde qatnasqan miymanlar ja\u0144a turizm j\u00f3nelisi \u2013 Ashsh\u0131 k\u00f3l k\u00f3li jan\u0131nda jaylasqan agrar etnoaw\u0131l menen tan\u0131s\u0131w imkanina iye bold\u0131, on\u0131n boy\u0131nda \u00f3zine mas \u00f3nermentshilik oray\u0131n sh\u00f3lkemlestiriwshi 15 otaw sh\u00f3lkemlestirildi. Joybar \u201cNitsa Nukus\u201d kompaniyas\u0131 basl\u0131\u01f5\u0131 Amina Bekjanova baslamas\u0131 menen \u00e1melge as\u0131r\u0131ld\u0131.<\/p>\n","protected":false},"author":1,"featured_media":1354,"comment_status":"open","ping_status":"open","sticky":false,"template":"","format":"standard","meta":[],"categories":[9],"tags":[],"_links":{"self":[{"href":"http:\/\/data.accelerator.uz\/kk\/wp-json\/wp\/v2\/posts\/1353"}],"collection":[{"href":"http:\/\/data.accelerator.uz\/kk\/wp-json\/wp\/v2\/posts"}],"about":[{"href":"http:\/\/data.accelerator.uz\/kk\/wp-json\/wp\/v2\/types\/post"}],"author":[{"embeddable":true,"href":"http:\/\/data.accelerator.uz\/kk\/wp-json\/wp\/v2\/users\/1"}],"replies":[{"embeddable":true,"href":"http:\/\/data.accelerator.uz\/kk\/wp-json\/wp\/v2\/comments?post=1353"}],"version-history":[{"count":5,"href":"http:\/\/data.accelerator.uz\/kk\/wp-json\/wp\/v2\/posts\/1353\/revisions"}],"predecessor-version":[{"id":1466,"href":"http:\/\/data.accelerator.uz\/kk\/wp-json\/wp\/v2\/posts\/1353\/revisions\/1466"}],"wp:featuredmedia":[{"embeddable":true,"href":"http:\/\/data.accelerator.uz\/kk\/wp-json\/wp\/v2\/media\/1354"}],"wp:attachment":[{"href":"http:\/\/data.accelerator.uz\/kk\/wp-json\/wp\/v2\/media?parent=1353"}],"wp:term":[{"taxonomy":"category","embeddable":true,"href":"http:\/\/data.accelerator.uz\/kk\/wp-json\/wp\/v2\/categories?post=1353"},{"taxonomy":"post_tag","embeddable":true,"href":"http:\/\/data.accelerator.uz\/kk\/wp-json\/wp\/v2\/tags?post=1353"}],"curies":[{"name":"wp","href":"https:\/\/api.w.org\/{rel}","templated":true}]}}