{"id":767,"date":"2021-11-18T10:00:49","date_gmt":"2021-11-18T07:00:49","guid":{"rendered":"http:\/\/data.accelerator.uz\/?p=767"},"modified":"2023-03-02T11:06:54","modified_gmt":"2023-03-02T08:06:54","slug":"startuet-seriya-vebinarov-na-temu-biznes-planirovanie","status":"publish","type":"post","link":"http:\/\/data.accelerator.uz\/kk\/news\/startuet-seriya-vebinarov-na-temu-biznes-planirovanie\/","title":{"rendered":"&#8221;Biznesti joybarlaw&#8221; temas\u0131nda bir qatar vebinarlar\u0131m\u0131z baslanad\u0131"},"content":{"rendered":"<p>Birinshi vebinar<strong> 20-noyabr, shembi k\u00fani saat 14:00 de bol\u0131p \u00f3tedi.<\/strong><\/p>\n<p><strong>Spiker:<\/strong><br \/>\n<strong>Aleksandr Yudako<\/strong>v &#8211; \u00d3zbekstan Respublikas\u0131 Innovaciyal\u0131q rawajlan\u0131w ministrligi jan\u0131nda\u01f5\u0131 Ald\u0131\u0144\u01f5\u0131 texnologiyalar oray\u0131n\u0131\u0144 kommerciyalast\u0131r\u0131w h\u00e1m texnologiyalar transferi basqarmas\u0131 basl\u0131\u01f5\u0131.<\/p>\n<ul>\n<li>Biznes-joba kompan\u0131ya\u0144\u0131zd\u0131\u0144 maqsetlerin, olar\u01f5a erisiw jollar\u0131n h\u00e1m m\u00faddetlerin an\u0131qlaw\u01f5a j\u00e1rdem beredi. Jaqs\u0131 islep sh\u0131\u01f5\u0131l\u01f5an biznes-joba sherikler, investorlar h\u00e1m xizmetkerlerdi tart\u0131w m\u00famkinshiligin as\u0131rad\u0131. Aleksandr sizge biznes-joba d\u00faziwdi\u0144 barl\u0131q basq\u0131shlar\u0131 haqq\u0131nda tol\u0131q ma\u01f5l\u0131wmat beredi.<\/li>\n<\/ul>\n<p>Vebinar Zoom platformas\u0131nda \u00f3tkeriledi.<\/p>","protected":false},"excerpt":{"rendered":"<p>Birinshi vebinar 20-noyabr, shembi k\u00fani saat 14:00 de bol\u0131p \u00f3tedi. Spiker: Aleksandr Yudakov &#8211; \u00d3zbekstan Respublikas\u0131 Innovaciyal\u0131q rawajlan\u0131w ministrligi jan\u0131nda\u01f5\u0131 Ald\u0131\u0144\u01f5\u0131 texnologiyalar oray\u0131n\u0131\u0144 kommerciyalast\u0131r\u0131w h\u00e1m texnologiyalar transferi basqarmas\u0131 basl\u0131\u01f5\u0131. Biznes-joba kompan\u0131ya\u0144\u0131zd\u0131\u0144 maqsetlerin, olar\u01f5a erisiw jollar\u0131n h\u00e1m m\u00faddetlerin an\u0131qlaw\u01f5a j\u00e1rdem beredi&#8230;.<\/p>\n","protected":false},"author":1,"featured_media":768,"comment_status":"open","ping_status":"open","sticky":false,"template":"","format":"standard","meta":[],"categories":[9],"tags":[],"_links":{"self":[{"href":"http:\/\/data.accelerator.uz\/kk\/wp-json\/wp\/v2\/posts\/767"}],"collection":[{"href":"http:\/\/data.accelerator.uz\/kk\/wp-json\/wp\/v2\/posts"}],"about":[{"href":"http:\/\/data.accelerator.uz\/kk\/wp-json\/wp\/v2\/types\/post"}],"author":[{"embeddable":true,"href":"http:\/\/data.accelerator.uz\/kk\/wp-json\/wp\/v2\/users\/1"}],"replies":[{"embeddable":true,"href":"http:\/\/data.accelerator.uz\/kk\/wp-json\/wp\/v2\/comments?post=767"}],"version-history":[{"count":2,"href":"http:\/\/data.accelerator.uz\/kk\/wp-json\/wp\/v2\/posts\/767\/revisions"}],"predecessor-version":[{"id":1568,"href":"http:\/\/data.accelerator.uz\/kk\/wp-json\/wp\/v2\/posts\/767\/revisions\/1568"}],"wp:featuredmedia":[{"embeddable":true,"href":"http:\/\/data.accelerator.uz\/kk\/wp-json\/wp\/v2\/media\/768"}],"wp:attachment":[{"href":"http:\/\/data.accelerator.uz\/kk\/wp-json\/wp\/v2\/media?parent=767"}],"wp:term":[{"taxonomy":"category","embeddable":true,"href":"http:\/\/data.accelerator.uz\/kk\/wp-json\/wp\/v2\/categories?post=767"},{"taxonomy":"post_tag","embeddable":true,"href":"http:\/\/data.accelerator.uz\/kk\/wp-json\/wp\/v2\/tags?post=767"}],"curies":[{"name":"wp","href":"https:\/\/api.w.org\/{rel}","templated":true}]}}