{"id":771,"date":"2021-11-29T23:45:06","date_gmt":"2021-11-29T20:45:06","guid":{"rendered":"http:\/\/data.accelerator.uz\/?p=771"},"modified":"2023-03-02T11:08:59","modified_gmt":"2023-03-02T08:08:59","slug":"nash-sleduyushhij-sovmestnyj-seminar-s-mezhdunarodnymi-ekspertami-kompanii-oracle-projdet-v-etu-sredu-1-dekabrya","status":"publish","type":"post","link":"http:\/\/data.accelerator.uz\/kk\/news\/nash-sleduyushhij-sovmestnyj-seminar-s-mezhdunarodnymi-ekspertami-kompanii-oracle-projdet-v-etu-sredu-1-dekabrya\/","title":{"rendered":"Oracle xal\u0131q &#8211; aral\u0131q ekspertleri menen n\u00e1wbettegi qospa seminar\u0131m\u0131z s\u00e1rshembi, 1-dekabr k\u00fani, bol\u0131p \u00f3tedi."},"content":{"rendered":"<p>Oracle xal\u0131q &#8211; aral\u0131q ekspertleri menen n\u00e1wbettegi qospa seminar\u0131m\u0131z s\u00e1rshembi, 1-dekabr k\u00fani saat 17:00 de bol\u0131p \u00f3tedi.<\/p>\n<p>Ush\u0131ras\u0131w us\u0131 eki tema haqq\u0131nda: Social isbilermenlik h\u00e1m Oratorl\u0131q uq\u0131b\u0131.<\/p>\n<p><strong>Spikerler:<\/strong><\/p>\n<ul>\n<li><strong>Anthi Nazarian,<\/strong> Oracle sawda menejeri h\u00e1m Oracle Generation talantl\u0131lard\u0131 rawajland\u0131r\u0131w d\u00e1st\u00fari qatnas\u0131wsh\u0131s\u0131, Microsoft ta joqar\u0131 t\u00e1jiriybege iye.<\/li>\n<li><strong>Elyas Daghistani<\/strong>, Saudiya Arabiyal\u0131 Oracle sawda menejeri. SAP h\u00e1m Microsoft, bilimlendiriw h\u00e1m turizm tarawlar\u0131nda t\u00e1jiriybege iye.<\/li>\n<\/ul>\n<p>Keli\u0144, social isbilermenlik ne h\u00e1m biznesti (startup) qanday q\u0131l\u0131p social juwapkerli q\u0131l\u0131w haqq\u0131nda s\u00e1wbetlesemiz. J\u00e1ne, biz k\u00f3pshilik ald\u0131nda s\u00f3ylew ush\u0131n \u00e1meliy us\u0131n\u0131slar menen b\u00f3lisemiz (m\u0131sal\u0131, joybar\u0131\u0144\u0131zd\u0131 us\u0131n\u0131w ush\u0131n).<\/p>\n<p><strong>Seminar Zoom platformas\u0131nda (1-dekabr, s\u00e1rshembi, saat 17:00) ingliz tilinde bolad\u0131 h\u00e1m \u00f3zbek tilinde awdarma menen \u00f3tkeriledi.<\/strong><\/p>","protected":false},"excerpt":{"rendered":"<p>Oracle xal\u0131q &#8211; aral\u0131q ekspertleri menen n\u00e1wbettegi qospa seminar\u0131m\u0131z s\u00e1rshembi, 1-dekabr k\u00fani saat 17:00 de bol\u0131p \u00f3tedi. Ush\u0131ras\u0131w us\u0131 eki tema haqq\u0131nda: Social isbilermenlik h\u00e1m Oratorl\u0131q uq\u0131b\u0131. Spikerler: Anthi Nazarian, Oracle sawda menejeri h\u00e1m Oracle Generation talantl\u0131lard\u0131 rawajland\u0131r\u0131w d\u00e1st\u00fari qatnas\u0131wsh\u0131s\u0131,&#8230;<\/p>\n","protected":false},"author":1,"featured_media":774,"comment_status":"open","ping_status":"open","sticky":false,"template":"","format":"standard","meta":[],"categories":[9],"tags":[],"_links":{"self":[{"href":"http:\/\/data.accelerator.uz\/kk\/wp-json\/wp\/v2\/posts\/771"}],"collection":[{"href":"http:\/\/data.accelerator.uz\/kk\/wp-json\/wp\/v2\/posts"}],"about":[{"href":"http:\/\/data.accelerator.uz\/kk\/wp-json\/wp\/v2\/types\/post"}],"author":[{"embeddable":true,"href":"http:\/\/data.accelerator.uz\/kk\/wp-json\/wp\/v2\/users\/1"}],"replies":[{"embeddable":true,"href":"http:\/\/data.accelerator.uz\/kk\/wp-json\/wp\/v2\/comments?post=771"}],"version-history":[{"count":3,"href":"http:\/\/data.accelerator.uz\/kk\/wp-json\/wp\/v2\/posts\/771\/revisions"}],"predecessor-version":[{"id":1569,"href":"http:\/\/data.accelerator.uz\/kk\/wp-json\/wp\/v2\/posts\/771\/revisions\/1569"}],"wp:featuredmedia":[{"embeddable":true,"href":"http:\/\/data.accelerator.uz\/kk\/wp-json\/wp\/v2\/media\/774"}],"wp:attachment":[{"href":"http:\/\/data.accelerator.uz\/kk\/wp-json\/wp\/v2\/media?parent=771"}],"wp:term":[{"taxonomy":"category","embeddable":true,"href":"http:\/\/data.accelerator.uz\/kk\/wp-json\/wp\/v2\/categories?post=771"},{"taxonomy":"post_tag","embeddable":true,"href":"http:\/\/data.accelerator.uz\/kk\/wp-json\/wp\/v2\/tags?post=771"}],"curies":[{"name":"wp","href":"https:\/\/api.w.org\/{rel}","templated":true}]}}