{"id":659,"date":"2021-10-09T15:08:50","date_gmt":"2021-10-09T12:08:50","guid":{"rendered":"http:\/\/data.accelerator.uz\/?p=659"},"modified":"2023-03-02T10:53:22","modified_gmt":"2023-03-02T07:53:22","slug":"professionalnoe-obuchenie-devushek-i-zhenshhin-dlya-ih-privlecheniya-v-predprinimatelskuyu-deyatelnost","status":"publish","type":"post","link":"http:\/\/data.accelerator.uz\/uz\/startup-grants\/professionalnoe-obuchenie-devushek-i-zhenshhin-dlya-ih-privlecheniya-v-predprinimatelskuyu-deyatelnost\/","title":{"rendered":"Hayal-q\u0131zlard\u0131 isbilermenlikke ba\u01f5darlaw ush\u0131n k\u00e1sipke oq\u0131t\u0131w"},"content":{"rendered":"<p>\u00d3zbekstan Respublikas\u0131 Prezidentini\u0144 \u201cXal\u0131q b\u00e1ntligin t\u00e1miyinlew, k\u00e1sip-\u00f3nerge \u00fayretiw, xal\u0131qt\u0131\u0144 kem t\u00e1miyinlengen h\u00e1m jum\u0131ss\u0131z qatlam\u0131n isbilermenlik iskerligine ba\u01f5darlaw h\u00e1m miynet aktivligin as\u0131r\u0131w\u01f5a tiyisli qos\u0131msha is-ilajlar haqq\u0131nda\u201d \u01f5\u0131 qarar\u0131na muwap\u0131q 2021-j\u0131ld\u0131\u0144 sentyabr-oktyabr aylar\u0131nda Qaraqalpaqstann\u0131\u0144 Moynaq, Qo\u0144\u0131rat, h\u00e1m Bozataw rayonlar\u0131nda \u201cAspazl\u0131q\u201d ba\u01f5dar\u0131 boy\u0131nsha 30 hayal-q\u0131z oq\u0131t\u0131lad\u0131.<\/p>\n<p>T\u00e1lim kurs\u0131n tamamla\u01f5an hayal-q\u0131zlar j\u00f3nelisi k\u00f3rsetilgen halda oq\u0131wd\u0131 tamamla\u01f5anl\u0131\u01f5\u0131 haqq\u0131nda diplom-sertifikatqa iye bolad\u0131. Ja\u0144a bilimler, al\u0131n\u01f5an k\u00f3nlikpeler h\u00e1m q\u00e1nigelik hayal-q\u0131zlar\u01f5a t\u00farli tarawlarda, atap aytqanda, aspazsh\u0131l\u0131q, turizm h\u00e1m miymanxana taraw\u0131nda xizmet k\u00f3rsetiwde, islew imkaniyat\u0131n beredi. Oq\u0131w kurs\u0131n\u0131\u0144 dawam\u0131yl\u0131\u01f5\u0131, \u00e1meliy sh\u0131n\u0131\u01f5\u0131wlard\u0131 \u00f3z ishine al\u01f5an halda 32 saatt\u0131 qurayd\u0131.<\/p>\n<p>\u00dash maqsetli rayonda q\u0131zlar h\u00e1m hayallar ush\u0131n kasiplik t\u00e1lim BMSHRD, YUNFPA h\u00e1m FAOn\u0131\u0144 &laquo;<a href=\"https:\/\/www.uz.undp.org\/content\/uzbekistan\/ru\/home\/presscenter\/pressreleases\/2021\/03\/the-joint-program-is-funded-by-the-un-multi-partner-human-securi.html\">Aralboy\u0131 ayma\u01f5\u0131nda\u01f5\u0131 j\u00e1rdemge m\u00fat\u00e1\u00e1j j\u00e1m\u00e1\u00e1tlerdegi ekonomikal\u0131q h\u00e1m az\u0131q-awqat q\u00e1wipsizligi mashqalalar\u0131n sheshiw ush\u0131n jaslar h\u00e1m m\u00fat\u00e1\u00e1j qatlamda\u01f5\u0131 xal\u0131qt\u0131\u0144 beyimlesiwi arqal\u0131 olard\u0131\u0144 d\u00f3retiwshilik h\u00e1m innovaciyal\u0131q imkaniyatlar\u0131n rawajland\u0131r\u0131w<\/a>&raquo; birgeliktegi ba\u01f5darlamas\u0131 she\u0144berinde \u00e1melge as\u0131r\u0131lmaqta.<\/p>\n<p>Tol\u0131q ma\u01f5l\u0131wmatlar t\u00f3mendegi saytta: <a href=\"https:\/\/www.uz.undp.org\/content\/uzbekistan\/ru\/home\/presscenter\/pressreleases\/2021\/09\/professional-training-of-girls-and-women-for-their-involvement-i.html\">https:\/\/www.uz.undp.org\/content\/uzbekistan\/ru\/home\/presscenter\/pressreleases\/2021\/09\/professional-training-of-girls-and-women-for-their-involvement-i.html<\/a><\/p>\n<p>&nbsp;<\/p>","protected":false},"excerpt":{"rendered":"<p>\u00d3zbekstan Respublikas\u0131 Prezidentini\u0144 \u201cXal\u0131q b\u00e1ntligin t\u00e1miyinlew, k\u00e1sip-\u00f3nerge \u00fayretiw, xal\u0131qt\u0131\u0144 kem t\u00e1miyinlengen h\u00e1m jum\u0131ss\u0131z qatlam\u0131n isbilermenlik iskerligine ba\u01f5darlaw h\u00e1m miynet aktivligin as\u0131r\u0131w\u01f5a tiyisli qos\u0131msha is-ilajlar haqq\u0131nda\u201d \u01f5\u0131 qarar\u0131na muwap\u0131q 2021-j\u0131ld\u0131\u0144 sentyabr-oktyabr aylar\u0131nda Qaraqalpaqstann\u0131\u0144 Moynaq, Qo\u0144\u0131rat, h\u00e1m Bozataw rayonlar\u0131nda \u201cAspazl\u0131q\u201d ba\u01f5dar\u0131 boy\u0131nsha&#8230;<\/p>\n","protected":false},"author":1,"featured_media":660,"comment_status":"open","ping_status":"open","sticky":false,"template":"","format":"standard","meta":[],"categories":[7],"tags":[],"_links":{"self":[{"href":"http:\/\/data.accelerator.uz\/uz\/wp-json\/wp\/v2\/posts\/659"}],"collection":[{"href":"http:\/\/data.accelerator.uz\/uz\/wp-json\/wp\/v2\/posts"}],"about":[{"href":"http:\/\/data.accelerator.uz\/uz\/wp-json\/wp\/v2\/types\/post"}],"author":[{"embeddable":true,"href":"http:\/\/data.accelerator.uz\/uz\/wp-json\/wp\/v2\/users\/1"}],"replies":[{"embeddable":true,"href":"http:\/\/data.accelerator.uz\/uz\/wp-json\/wp\/v2\/comments?post=659"}],"version-history":[{"count":3,"href":"http:\/\/data.accelerator.uz\/uz\/wp-json\/wp\/v2\/posts\/659\/revisions"}],"predecessor-version":[{"id":1557,"href":"http:\/\/data.accelerator.uz\/uz\/wp-json\/wp\/v2\/posts\/659\/revisions\/1557"}],"wp:featuredmedia":[{"embeddable":true,"href":"http:\/\/data.accelerator.uz\/uz\/wp-json\/wp\/v2\/media\/660"}],"wp:attachment":[{"href":"http:\/\/data.accelerator.uz\/uz\/wp-json\/wp\/v2\/media?parent=659"}],"wp:term":[{"taxonomy":"category","embeddable":true,"href":"http:\/\/data.accelerator.uz\/uz\/wp-json\/wp\/v2\/categories?post=659"},{"taxonomy":"post_tag","embeddable":true,"href":"http:\/\/data.accelerator.uz\/uz\/wp-json\/wp\/v2\/tags?post=659"}],"curies":[{"name":"wp","href":"https:\/\/api.w.org\/{rel}","templated":true}]}}