{"id":67,"date":"2021-07-24T09:06:33","date_gmt":"2021-07-24T06:06:33","guid":{"rendered":"http:\/\/data.accelerator.uz\/?p=67"},"modified":"2023-03-02T13:24:34","modified_gmt":"2023-03-02T10:24:34","slug":"trade-chamber","status":"publish","type":"post","link":"http:\/\/data.accelerator.uz\/uz\/support-organizations\/trade-chamber\/","title":{"rendered":"Qaraqalpaqstan Respublikas\u0131 Sawda -sanaat palatas\u0131"},"content":{"rendered":"<p>Qaraqalpaqstan Respublikas\u0131 Sawda-sanaat palatas\u0131-m\u00falkshilik formas\u0131, xizmetkerler san\u0131, kapital k\u00f3lemi h\u00e1m iskerlik tarawlar\u0131na qaramastan, isbilermenlik sub&#8217;ektlerin q\u00e1legen t\u00farde birlestiriwshi m\u00e1mleketlik emes kommerciyal\u0131q emes sh\u00f3lkemi.<\/p>\n<p>\u00d3zbekstan Respublikas\u0131 Sawda -sanaat palatas\u0131 \u00d3zbekstan Respublikas\u0131 Prezidentini\u0144 07. 07. 2004-j\u0131lda\u01f5\u0131 P\u00e1rman\u0131na muwap\u0131q sh\u00f3lkemlestirilgen h\u00e1m \u00ab\u00d3zbekstan Respublikas\u0131 Sawda-sanaat palatas\u0131 haqq\u0131nda\u00bb \u01f5\u0131 \u00d3zbekstan Respublikas\u0131 N\u0131zam\u0131 tiykar\u0131nda iskerlik j\u00faritedi.<\/p>\n<p><strong>Tiykar\u01f5\u0131 maqsetleri:<\/strong><\/p>\n<ul>\n<li>isbilermenlikti rawajland\u0131r\u0131w ush\u0131n qolay sh\u00e1rt-sh\u00e1rayatlar jarat\u0131w, isbilermenlik ortal\u0131\u01f5\u0131n jaqs\u0131law ;<\/li>\n<li>Palata a\u01f5zalar\u0131n\u0131\u0144 huq\u0131qlar\u0131 h\u00e1m m\u00e1plerin n\u0131zaml\u0131 t\u00farde qor\u01f5aw ;<\/li>\n<li>isbilermenler h\u00e1m shet el sherikler ortas\u0131nda\u01f5\u0131 munas\u00e1betlerdi ornat\u0131w\u01f5a k\u00f3meklesiw;<\/li>\n<li>isbilermenlik sub&#8217;ektlerini\u0144 t\u00e1jriybesin as\u0131r\u0131w h\u00e1m b\u00e1sekige sh\u0131daml\u0131l\u0131qt\u0131 as\u0131r\u0131w\u01f5a k\u00f3meklesiw.<\/li>\n<li>Qaraqalpaqstan Respublikas\u0131 Sawda-sanaat palatas\u0131n\u0131\u0144 web -sayt\u0131 :<\/li>\n<\/ul>\n<p><a href=\"http:\/\/qr.chamber.uz\/ru\/index\">http:\/\/qr.chamber.uz\/ru\/index<\/a><\/p>","protected":false},"excerpt":{"rendered":"<p>Qaraqalpaqstan Respublikas\u0131 Sawda &#8211; sanaat palatas\u0131-m\u00falkshilik formas\u0131na qaramastan, isbilermenlik sub&#8217;ektlerin q\u00e1legen t\u00farde birlestiretu\u01f5\u0131n m\u00e1mleketlik emes kommerciyal\u0131q emes sh\u00f3lkemi.<\/p>\n","protected":false},"author":1,"featured_media":330,"comment_status":"open","ping_status":"open","sticky":false,"template":"","format":"standard","meta":[],"categories":[11],"tags":[],"_links":{"self":[{"href":"http:\/\/data.accelerator.uz\/uz\/wp-json\/wp\/v2\/posts\/67"}],"collection":[{"href":"http:\/\/data.accelerator.uz\/uz\/wp-json\/wp\/v2\/posts"}],"about":[{"href":"http:\/\/data.accelerator.uz\/uz\/wp-json\/wp\/v2\/types\/post"}],"author":[{"embeddable":true,"href":"http:\/\/data.accelerator.uz\/uz\/wp-json\/wp\/v2\/users\/1"}],"replies":[{"embeddable":true,"href":"http:\/\/data.accelerator.uz\/uz\/wp-json\/wp\/v2\/comments?post=67"}],"version-history":[{"count":8,"href":"http:\/\/data.accelerator.uz\/uz\/wp-json\/wp\/v2\/posts\/67\/revisions"}],"predecessor-version":[{"id":1609,"href":"http:\/\/data.accelerator.uz\/uz\/wp-json\/wp\/v2\/posts\/67\/revisions\/1609"}],"wp:featuredmedia":[{"embeddable":true,"href":"http:\/\/data.accelerator.uz\/uz\/wp-json\/wp\/v2\/media\/330"}],"wp:attachment":[{"href":"http:\/\/data.accelerator.uz\/uz\/wp-json\/wp\/v2\/media?parent=67"}],"wp:term":[{"taxonomy":"category","embeddable":true,"href":"http:\/\/data.accelerator.uz\/uz\/wp-json\/wp\/v2\/categories?post=67"},{"taxonomy":"post_tag","embeddable":true,"href":"http:\/\/data.accelerator.uz\/uz\/wp-json\/wp\/v2\/tags?post=67"}],"curies":[{"name":"wp","href":"https:\/\/api.w.org\/{rel}","templated":true}]}}